{"id":1665,"date":"2021-02-12T21:58:52","date_gmt":"2021-02-12T20:58:52","guid":{"rendered":"http:\/\/www.daniel.slask.pl\/?p=1665"},"modified":"2021-02-12T21:58:52","modified_gmt":"2021-02-12T20:58:52","slug":"zmiany-bledy-na-stronie","status":"publish","type":"post","link":"https:\/\/daniel.slask.pl\/m\/zmiany-bledy-na-stronie\/","title":{"rendered":"Zmiany &#8211; b\u0142\u0119dy na stronie"},"content":{"rendered":"\n<p>Cze\u015b\u0107.<\/p>\n\n\n\n<p class=\"has-text-align-justify\">Od jakiego\u015b czasu mo\u017cna by\u0142o zauwa\u017cy\u0107, \u017ce cz\u0119\u015b\u0107 kod\u00f3w jest \u017ale wy\u015bwietlanych. Niekt\u00f3re za\u0142\u0105czniki si\u0119 nie pobieraj\u0105, a obrazki \u017ale si\u0119 wy\u015bwietlaj\u0105. Zosta\u0142o to spowodowane, przez m\u00f3j b\u0142\u0105d, a dok\u0142adnie przez aktualizacj\u0119 i usuni\u0119cie niekt\u00f3rych wtyczek do WP. Przez to wpisy straci\u0142y swoj\u0105 przejrzysto\u015b\u0107 i a linki funkcjonalno\u015b\u0107. Po cz\u0119\u015bci te\u017c wp\u0142yw na to mia\u0142o wprowadzenie przez WP stylu blokowego wpis\u00f3w &#8211; wcze\u015bniej ka\u017cdy wpis by\u0142 pisany stylem klasycznym &#8211; i wyparcie stylu klasycznego.<\/p>\n\n\n\n<p class=\"has-text-align-justify\">Powoli zaczynam wprowadza\u0107 \u0142ad i porz\u0105dek na stronie. W pierwszej kolejno\u015bci idzie zmiana kod\u00f3w &#8211; znalezienie odpowiedniej wtyczki, spe\u0142niaj\u0105cej moje wymagania troch\u0119 zaj\u0119\u0142o, a i tak nie mog\u0119 z ni\u0105 wszystkiego zrobi\u0107 (np. ustawi\u0107 zawijania wierszy). Korzystam ze wtyczki <strong>Code Syntax Block<\/strong> je\u017celi kto\u015b ma namiary na lepsz\u0105 wtyczk\u0119, do kolorowania sk\u0142adni, ustawiania j\u0119zyka, oraz z mo\u017cliwo\u015bci\u0105 zawijania wierszy oraz wyboru wielko\u015bci czcionki prosz\u0119 pisa\u0107 w komentarzu:)<br>Razem ze zmian\u0105 kod\u00f3w uaktualniam linki do plik\u00f3w, bo niekt\u00f3re z jakich\u015b przyczyn odm\u00f3wi\u0142y pos\u0142usze\u0144stwa.<\/p>\n\n\n\n<p class=\"has-text-align-justify\">W nast\u0119pnej kolejno\u015bci b\u0119dzie poprawa grafiki, oraz wpis\u00f3w bo zmiana ze stylu klasycznego na styl blokowy spowodowa\u0142a porozje\u017cd\u017canie literek, oraz grafiki.<br>Wpis\u00f3w nie ma wiele, ale analiza ka\u017cdego wpisu i wprowadzenie zmian zajmie troch\u0119 czasu, wi\u0119c prosz\u0119 uzbroi\u0107 si\u0119 w cierpliwo\u015b\u0107. Je\u017celi natomiast znajdziecie jakie\u015b b\u0142\u0119dy to prosz\u0119 o pisanie uwag w komentarzach. Zmiany zaczynam od najm\u0142odszych wpis\u00f3w:)<\/p>\n\n\n\n<hr class=\"wp-block-separator\"\/>\n\n\n\n<p class=\"has-text-align-justify\">Natomiast co do nowych wpis\u00f3w to za nied\u0142ugo &#8211; do ko\u0144ca lutego &#8211; przedstawi\u0119 plan na ten rok. B\u0119d\u0105 w nim uj\u0119te artyku\u0142y kt\u00f3re zamierza\u0142 napisa\u0107 wraz z projektami, kt\u00f3re chc\u0119 zrealizowa\u0107. Mam nadziej\u0119, \u017ce takie upublicznienie plany spowoduje wi\u0119ksz\u0105 motywacj\u0119 do dzia\u0142ania. <\/p>\n\n\n\n<p>Pi\u0105teczka <br>Pozdrawiam<\/p>\n\n\n\n<p> <\/p>\n","protected":false},"excerpt":{"rendered":"<p>Cze\u015b\u0107. Od jakiego\u015b czasu mo\u017cna by\u0142o zauwa\u017cy\u0107, \u017ce cz\u0119\u015b\u0107 kod\u00f3w jest \u017ale wy\u015bwietlanych. Niekt\u00f3re za\u0142\u0105czniki si\u0119 nie pobieraj\u0105, a obrazki \u017ale si\u0119 wy\u015bwietlaj\u0105. Zosta\u0142o to spowodowane, przez m\u00f3j b\u0142\u0105d, a dok\u0142adnie przez aktualizacj\u0119 i usuni\u0119cie niekt\u00f3rych wtyczek do WP. Przez&#8230;<br \/><a class=\"read-more-button\" href=\"https:\/\/daniel.slask.pl\/m\/zmiany-bledy-na-stronie\/\">Wi\u0119cej<\/a><\/p>\n","protected":false},"author":1,"featured_media":584,"comment_status":"closed","ping_status":"closed","sticky":false,"template":"","format":"standard","meta":{"_exactmetrics_skip_tracking":false,"_exactmetrics_sitenote_active":false,"_exactmetrics_sitenote_note":"","_exactmetrics_sitenote_category":0,"jetpack_post_was_ever_published":false,"_jetpack_newsletter_access":"","_jetpack_dont_email_post_to_subs":false,"_jetpack_newsletter_tier_id":0,"_jetpack_memberships_contains_paywalled_content":false,"_jetpack_memberships_contains_paid_content":false,"footnotes":""},"categories":[1,9,88],"tags":[89],"views":236,"jetpack_sharing_enabled":true,"jetpack_featured_media_url":"https:\/\/daniel.slask.pl\/m\/wp-content\/uploads\/2016\/09\/error-101408_1280.jpg","jetpack_shortlink":"https:\/\/wp.me\/pcPgV3-qR","_links":{"self":[{"href":"https:\/\/daniel.slask.pl\/m\/wp-json\/wp\/v2\/posts\/1665"}],"collection":[{"href":"https:\/\/daniel.slask.pl\/m\/wp-json\/wp\/v2\/posts"}],"about":[{"href":"https:\/\/daniel.slask.pl\/m\/wp-json\/wp\/v2\/types\/post"}],"author":[{"embeddable":true,"href":"https:\/\/daniel.slask.pl\/m\/wp-json\/wp\/v2\/users\/1"}],"replies":[{"embeddable":true,"href":"https:\/\/daniel.slask.pl\/m\/wp-json\/wp\/v2\/comments?post=1665"}],"version-history":[{"count":2,"href":"https:\/\/daniel.slask.pl\/m\/wp-json\/wp\/v2\/posts\/1665\/revisions"}],"predecessor-version":[{"id":1667,"href":"https:\/\/daniel.slask.pl\/m\/wp-json\/wp\/v2\/posts\/1665\/revisions\/1667"}],"wp:featuredmedia":[{"embeddable":true,"href":"https:\/\/daniel.slask.pl\/m\/wp-json\/wp\/v2\/media\/584"}],"wp:attachment":[{"href":"https:\/\/daniel.slask.pl\/m\/wp-json\/wp\/v2\/media?parent=1665"}],"wp:term":[{"taxonomy":"category","embeddable":true,"href":"https:\/\/daniel.slask.pl\/m\/wp-json\/wp\/v2\/categories?post=1665"},{"taxonomy":"post_tag","embeddable":true,"href":"https:\/\/daniel.slask.pl\/m\/wp-json\/wp\/v2\/tags?post=1665"}],"curies":[{"name":"wp","href":"https:\/\/api.w.org\/{rel}","templated":true}]}}