{"id":1836,"date":"2024-04-24T12:11:00","date_gmt":"2024-04-24T10:11:00","guid":{"rendered":"http:\/\/www.daniel.slask.pl\/?p=1836"},"modified":"2024-04-28T21:36:10","modified_gmt":"2024-04-28T19:36:10","slug":"zmiana-parametrow-montowanych-nowych-dyskow-w-omv","status":"publish","type":"post","link":"https:\/\/daniel.slask.pl\/m\/zmiana-parametrow-montowanych-nowych-dyskow-w-omv\/","title":{"rendered":"Zmiana parametr\u00f3w montowanych nowych dysk\u00f3w w OMV"},"content":{"rendered":"\n<p>We wcze\u015bniejszych wpisach opisa\u0142em jak post\u0119powa\u0107 w przypadku problemu z <a href=\"http:\/\/www.daniel.slask.pl\/jak-w-omv-zapisac-pliki-z-pl-znakami\/\" data-type=\"post\" data-id=\"1824\">Polskimi znakami<\/a>, oraz gdy jest <a href=\"http:\/\/www.daniel.slask.pl\/problem-z-zapisem-danych-na-dysk-sieciowy-omv\/\" data-type=\"post\" data-id=\"1839\">problem z zapisem danych na dysk sieciowy <\/a>w OMV. W tamtych wpisach pokaza\u0142em jak ustawi\u0107 parametry ju\u017c zamontowanych dysk\u00f3w, tym razem przedstawi\u0119 w jaki spos\u00f3b zmieni\u0107 domy\u015blnie ustawiane parametry nowo montowanych dysk\u00f3w.<\/p>\n\n\n\n<p>Aby zmieni\u0107 parametry montowanych wszystkich dysk\u00f3w w konfiguracji OMV, aby nie trzeba by\u0142o za ka\u017cdym razem powtarza\u0107 procedur przedstawionych w poprzednich wpisach, dotycz\u0105cych zamontowanych ju\u017c dysk\u00f3w (<a href=\"http:\/\/www.daniel.slask.pl\/jak-w-omv-zapisac-pliki-z-pl-znakami\/\" data-type=\"post\" data-id=\"1824\">PL znaki,<\/a> oraz b\u0142\u0105d <a href=\"http:\/\/www.daniel.slask.pl\/problem-z-zapisem-danych-na-dysk-sieciowy-omv\/\" data-type=\"post\" data-id=\"1839\">zapisu danych<\/a>) celu nale\u017cy wyedytowa\u0107 plik globals.inc:<\/p>\n\n\n\n<pre class=\"wp-block-code\"><code lang=\"bash\" class=\"language-bash\">sudo nano \/usr\/share\/php\/openmediavault\/globals.inc<\/code><\/pre>\n\n\n\n<div class=\"wp-block-columns is-layout-flex wp-container-core-columns-is-layout-1 wp-block-columns-is-layout-flex\">\n<div class=\"wp-block-column is-layout-flow wp-block-column-is-layout-flow\" style=\"flex-basis:66.66%\">\n<p>W pliku tym wyszukujemy (wyszukiwanie uruchamiamy poprzez skr\u00f3t CTRL+W) sekcji zawieraj\u0105cej VFAT &#8211; jest to sekcja informuj\u0105ca o formacie montowanego dysku. Wpisujemy do niej opcje montowanie zwi\u0105zane ze znakami <a href=\"http:\/\/www.daniel.slask.pl\/polskie-znaki-w-plikach-na-pamieci-podlaczonej-do-rpi\/\" data-type=\"post\" data-id=\"1107\">polskimi<\/a>, oraz z <a href=\"http:\/\/www.daniel.slask.pl\/serwer-nas-na-raspberry-pi-omv\/\" data-type=\"post\" data-id=\"1774\">uprawnieniami<\/a>:<\/p>\n\n\n\n<pre class=\"wp-block-code\"><code lang=\"bash\" class=\"language-bash\">\"defaults,nofail,iocharset=utf8,umask=0\"<\/code><\/pre>\n<\/div>\n\n\n\n<div class=\"wp-block-column is-layout-flow wp-block-column-is-layout-flow\" style=\"flex-basis:33.33%\">\n<figure class=\"wp-block-image size-full\"><a href=\"http:\/\/www.daniel.slask.pl\/m\/wp-content\/uploads\/2024\/04\/global_inc.jpg\"><img loading=\"lazy\" decoding=\"async\" width=\"648\" height=\"98\" src=\"http:\/\/www.daniel.slask.pl\/m\/wp-content\/uploads\/2024\/04\/global_inc.jpg\" alt=\"\" class=\"wp-image-1833\" srcset=\"https:\/\/daniel.slask.pl\/m\/wp-content\/uploads\/2024\/04\/global_inc.jpg 648w, https:\/\/daniel.slask.pl\/m\/wp-content\/uploads\/2024\/04\/global_inc-300x45.jpg 300w, https:\/\/daniel.slask.pl\/m\/wp-content\/uploads\/2024\/04\/global_inc-400x60.jpg 400w\" sizes=\"(max-width: 648px) 100vw, 648px\" \/><\/a><figcaption><kbd>Widok przed modyfikacj\u0105<\/kbd><\/figcaption><\/figure>\n\n\n\n<figure class=\"wp-block-image size-full\"><a href=\"http:\/\/www.daniel.slask.pl\/m\/wp-content\/uploads\/2024\/04\/global_inc_add.jpg\"><img loading=\"lazy\" decoding=\"async\" width=\"720\" height=\"70\" src=\"http:\/\/www.daniel.slask.pl\/m\/wp-content\/uploads\/2024\/04\/global_inc_add.jpg\" alt=\"\" class=\"wp-image-1834\" srcset=\"https:\/\/daniel.slask.pl\/m\/wp-content\/uploads\/2024\/04\/global_inc_add.jpg 720w, https:\/\/daniel.slask.pl\/m\/wp-content\/uploads\/2024\/04\/global_inc_add-300x29.jpg 300w, https:\/\/daniel.slask.pl\/m\/wp-content\/uploads\/2024\/04\/global_inc_add-400x39.jpg 400w\" sizes=\"(max-width: 720px) 100vw, 720px\" \/><\/a><figcaption><kbd>Dodanie opcji montowania<\/kbd><\/figcaption><\/figure>\n<\/div>\n<\/div>\n\n\n\n<p>Wychodz\u0105c (CTRL+X) nie zapomnijmy zapisa\u0107 pliku.<\/p>\n\n\n\n<hr class=\"wp-block-separator\"\/>\n\n\n\n<p>Na tym koniec. <\/p>\n\n\n\n<p>Zach\u0119cam do skorzystania z sekcji komentarze.<\/p>\n","protected":false},"excerpt":{"rendered":"<p>We wcze\u015bniejszych wpisach opisa\u0142em jak post\u0119powa\u0107 w przypadku problemu z Polskimi znakami, oraz gdy jest problem z zapisem danych na dysk sieciowy w OMV. W tamtych wpisach pokaza\u0142em jak ustawi\u0107 parametry ju\u017c zamontowanych dysk\u00f3w, tym razem przedstawi\u0119 w jaki spos\u00f3b&#8230;<br \/><a class=\"read-more-button\" href=\"https:\/\/daniel.slask.pl\/m\/zmiana-parametrow-montowanych-nowych-dyskow-w-omv\/\">Wi\u0119cej<\/a><\/p>\n","protected":false},"author":1,"featured_media":1781,"comment_status":"open","ping_status":"closed","sticky":false,"template":"","format":"standard","meta":{"_exactmetrics_skip_tracking":false,"_exactmetrics_sitenote_active":false,"_exactmetrics_sitenote_note":"","_exactmetrics_sitenote_category":0,"jetpack_post_was_ever_published":false,"_jetpack_newsletter_access":"","_jetpack_dont_email_post_to_subs":false,"_jetpack_newsletter_tier_id":0,"_jetpack_memberships_contains_paywalled_content":false,"_jetpack_memberships_contains_paid_content":false,"footnotes":""},"categories":[178],"tags":[168,174,176,242,175,164,163],"views":105,"jetpack_sharing_enabled":true,"jetpack_featured_media_url":"https:\/\/daniel.slask.pl\/m\/wp-content\/uploads\/2024\/04\/rpi_omv-scaled.jpg","jetpack_shortlink":"https:\/\/wp.me\/pcPgV3-tC","_links":{"self":[{"href":"https:\/\/daniel.slask.pl\/m\/wp-json\/wp\/v2\/posts\/1836"}],"collection":[{"href":"https:\/\/daniel.slask.pl\/m\/wp-json\/wp\/v2\/posts"}],"about":[{"href":"https:\/\/daniel.slask.pl\/m\/wp-json\/wp\/v2\/types\/post"}],"author":[{"embeddable":true,"href":"https:\/\/daniel.slask.pl\/m\/wp-json\/wp\/v2\/users\/1"}],"replies":[{"embeddable":true,"href":"https:\/\/daniel.slask.pl\/m\/wp-json\/wp\/v2\/comments?post=1836"}],"version-history":[{"count":5,"href":"https:\/\/daniel.slask.pl\/m\/wp-json\/wp\/v2\/posts\/1836\/revisions"}],"predecessor-version":[{"id":1881,"href":"https:\/\/daniel.slask.pl\/m\/wp-json\/wp\/v2\/posts\/1836\/revisions\/1881"}],"wp:featuredmedia":[{"embeddable":true,"href":"https:\/\/daniel.slask.pl\/m\/wp-json\/wp\/v2\/media\/1781"}],"wp:attachment":[{"href":"https:\/\/daniel.slask.pl\/m\/wp-json\/wp\/v2\/media?parent=1836"}],"wp:term":[{"taxonomy":"category","embeddable":true,"href":"https:\/\/daniel.slask.pl\/m\/wp-json\/wp\/v2\/categories?post=1836"},{"taxonomy":"post_tag","embeddable":true,"href":"https:\/\/daniel.slask.pl\/m\/wp-json\/wp\/v2\/tags?post=1836"}],"curies":[{"name":"wp","href":"https:\/\/api.w.org\/{rel}","templated":true}]}}