{"id":538,"date":"2016-05-14T13:30:19","date_gmt":"2016-05-14T11:30:19","guid":{"rendered":"http:\/\/www.daniel.slask.pl\/?p=538"},"modified":"2016-05-14T13:31:51","modified_gmt":"2016-05-14T11:31:51","slug":"modul-wykonawczy-230v-ac-3-kanaly","status":"publish","type":"post","link":"https:\/\/daniel.slask.pl\/m\/modul-wykonawczy-230v-ac-3-kanaly\/","title":{"rendered":"Modu\u0142 wykonawczy 230V ac &#8211; 3 kana\u0142y"},"content":{"rendered":"<p>Witam!<\/p>\n<p>Tym razem chcia\u0142bym przedstawi\u0107 modu\u0142 wykonawczy 230V AC. Nie jest to jaki\u015b projekt innowacyjny, ale zosta\u0142 on wykorzystany w jednym z moich projekt\u00f3w, wi\u0119c nale\u017cy co\u015b na ten temat napisa\u0107 &#8211; b\u0119dzie to do\u015b\u0107 kr\u00f3tki wpis;) . Zosta\u0142 on wykonany dla <a href=\"http:\/\/www.daniel.slask.pl\/?p=126\">sterownika akwarystycznego,<\/a> ale mo\u017ce r\u00f3wnie\u017c znale\u017a\u0107 zastosowanie w innych urz\u0105dze\u0144, gdzie wymagane jest sterowanie urz\u0105dzeniami na napi\u0119cie sieciowe 230V AC. Umo\u017cliwia on sterowanie 3 urz\u0105dzeniami, natomiast samo sterowanie odbywa si\u0119 przy udziale napi\u0119cia 12V DC.<\/p>\n<p>Przed omawianiem, musz\u0119 wspomnie\u0107 o jednej bardzo wa\u017cnej rzeczy:<\/p>\n<p><span style=\"color: #ff0000;\"><strong>W uk\u0142adzie panuje niebezpieczne napi\u0119cie 230V AC. Monta\u017c i uruchomienie powinna dokona\u0107 osoba do\u015bwiadczona. <span style=\"text-decoration: underline;\">Nie ponosz\u0119<\/span> odpowiedzialno\u015bci za szkody (uszkodzenia sprz\u0119tu, czy zdrowia) wyrz\u0105dzone u\u017cywaniem tego urz\u0105dzenia. <\/strong><\/span><\/p>\n<p><span style=\"color: #ff0000;\"><strong>Uk\u0142ad nie zapewnia ca\u0142kowitego od\u0142\u0105czenia obci\u0105\u017cenia od napi\u0119cia zasilaj\u0105cego.<\/strong><\/span><\/p>\n<hr \/>\n<p>Budowa uk\u0142adu jest do\u015b\u0107 prost i oparta o aplikacj\u0119 z noty katalogowej optotriaka z detekecj\u0105 zera.<\/p>\n<div id=\"attachment_541\" style=\"width: 160px\" class=\"wp-caption alignnone\"><a href=\"http:\/\/www.daniel.slask.pl\/m\/wp-content\/uploads\/2016\/05\/Modul_230_schemat.jpg\"><img loading=\"lazy\" decoding=\"async\" aria-describedby=\"caption-attachment-541\" class=\"size-thumbnail wp-image-541\" src=\"http:\/\/www.daniel.slask.pl\/m\/wp-content\/uploads\/2016\/05\/Modul_230_schemat-150x150.jpg\" alt=\"Schemat modu\u0142u 230V AC 3 kana\u0142owego\" width=\"150\" height=\"150\" \/><\/a><p id=\"caption-attachment-541\" class=\"wp-caption-text\">Schemat modu\u0142u 230V AC 3 kana\u0142owego<\/p><\/div>\n<p>Jak ju\u017c zosta\u0142o wspomniane we wst\u0119pie, napi\u0119cie steruj\u0105ce podawane jest na wej\u015bcie optoriaka. Optotriak steruje triakiem wykonawczym &#8211; w celu zwi\u0119kszenia maksymalnego pr\u0105du pobieranego przez obci\u0105\u017cenie, a tak\u017ce lepszego rozproszenia mocy cieplnej (obudowa TO220 triaka lepiej oddaje ciep\u0142o). W uk\u0142adzie koniecznie musi by\u0107 zastosowany optotriak z detekcj\u0105 zera &#8211; np MOC3041, MOC3042, MOC3043. Triakiem wykonawczym mo\u017ce by\u0107 BT136, BT138, lub podobny.<\/p>\n<p>Przy pod\u0142\u0105czaniu zasilania nale\u017cy zwr\u00f3ci\u0107 uwag\u0119 gdzie podawana jest faza, a gdzie pod\u0142\u0105czany przew\u00f3d neutralny. Aby uk\u0142ad dzia\u0142a\u0142 bezproblemowo nale\u017cy pod\u0142\u0105czy\u0107 tak zasilanie aby triaki sterowa\u0142y tzw &#8222;faz\u0105&#8221;.<\/p>\n<p>W uk\u0142adzie tym nie przewidziano gasika.<\/p>\n<p>Poni\u017cej przedstawiam zdj\u0119cia uk\u0142adu (cynowanie wykonuj\u0119 przy u\u017cyciu naniesienia pasty z cyn\u0105 firmy <span id=\"bc_0_3b+seedF9QOD\">Bisan, typ LB-3 i podgrzaniu ca\u0142o\u015bci opalark\u0105 &#8211; nie posiadam jeszcze Hot-Air<\/span>)<\/p>\n\n\t\t<style type=\"text\/css\">\n\t\t\t#gallery-1 {\n\t\t\t\tmargin: auto;\n\t\t\t}\n\t\t\t#gallery-1 .gallery-item {\n\t\t\t\tfloat: left;\n\t\t\t\tmargin-top: 10px;\n\t\t\t\ttext-align: center;\n\t\t\t\twidth: 20%;\n\t\t\t}\n\t\t\t#gallery-1 img {\n\t\t\t\tborder: 2px solid #cfcfcf;\n\t\t\t}\n\t\t\t#gallery-1 .gallery-caption {\n\t\t\t\tmargin-left: 0;\n\t\t\t}\n\t\t\t\/* see gallery_shortcode() in wp-includes\/media.php *\/\n\t\t<\/style>\n\t\t<div id='gallery-1' class='gallery galleryid-538 gallery-columns-5 gallery-size-thumbnail'><dl class='gallery-item'>\n\t\t\t<dt class='gallery-icon landscape'>\n\t\t\t\t<a href='https:\/\/daniel.slask.pl\/m\/wp-content\/uploads\/2016\/05\/Modul_230_sciezki_termo.jpg'><img loading=\"lazy\" decoding=\"async\" width=\"150\" height=\"150\" src=\"https:\/\/daniel.slask.pl\/m\/wp-content\/uploads\/2016\/05\/Modul_230_sciezki_termo-150x150.jpg\" class=\"attachment-thumbnail size-thumbnail\" alt=\"\" aria-describedby=\"gallery-1-542\" \/><\/a>\n\t\t\t<\/dt>\n\t\t\t\t<dd class='wp-caption-text gallery-caption' id='gallery-1-542'>\n\t\t\t\tNaniesione \u015bcie\u017cki za pomoc\u0105 termotransferu\n\t\t\t\t<\/dd><\/dl><dl class='gallery-item'>\n\t\t\t<dt class='gallery-icon landscape'>\n\t\t\t\t<a href='https:\/\/daniel.slask.pl\/m\/wp-content\/uploads\/2016\/05\/Modu\u0142_230_sciezki_potrawieniu.jpg'><img loading=\"lazy\" decoding=\"async\" width=\"150\" height=\"150\" src=\"https:\/\/daniel.slask.pl\/m\/wp-content\/uploads\/2016\/05\/Modu\u0142_230_sciezki_potrawieniu-150x150.jpg\" class=\"attachment-thumbnail size-thumbnail\" alt=\"\" aria-describedby=\"gallery-1-543\" \/><\/a>\n\t\t\t<\/dt>\n\t\t\t\t<dd class='wp-caption-text gallery-caption' id='gallery-1-543'>\n\t\t\t\tP\u0142ytka wytrawiona i z naniesion\u0105 warstw\u0105 cyny\n\t\t\t\t<\/dd><\/dl><dl class='gallery-item'>\n\t\t\t<dt class='gallery-icon landscape'>\n\t\t\t\t<a href='https:\/\/daniel.slask.pl\/m\/wp-content\/uploads\/2016\/05\/Modu\u0142_230_opis.jpg'><img loading=\"lazy\" decoding=\"async\" width=\"150\" height=\"150\" src=\"https:\/\/daniel.slask.pl\/m\/wp-content\/uploads\/2016\/05\/Modu\u0142_230_opis-150x150.jpg\" class=\"attachment-thumbnail size-thumbnail\" alt=\"\" aria-describedby=\"gallery-1-544\" \/><\/a>\n\t\t\t<\/dt>\n\t\t\t\t<dd class='wp-caption-text gallery-caption' id='gallery-1-544'>\n\t\t\t\tNaniesiona warstwa opisowa\n\t\t\t\t<\/dd><\/dl><dl class='gallery-item'>\n\t\t\t<dt class='gallery-icon landscape'>\n\t\t\t\t<a href='https:\/\/daniel.slask.pl\/m\/wp-content\/uploads\/2016\/05\/Modu\u0142_230_1.jpg'><img loading=\"lazy\" decoding=\"async\" width=\"150\" height=\"150\" src=\"https:\/\/daniel.slask.pl\/m\/wp-content\/uploads\/2016\/05\/Modu\u0142_230_1-150x150.jpg\" class=\"attachment-thumbnail size-thumbnail\" alt=\"\" aria-describedby=\"gallery-1-545\" \/><\/a>\n\t\t\t<\/dt>\n\t\t\t\t<dd class='wp-caption-text gallery-caption' id='gallery-1-545'>\n\t\t\t\tWidok gotowego modu\u0142u\n\t\t\t\t<\/dd><\/dl>\n\t\t\t<br style='clear: both' \/>\n\t\t<\/div>\n\n<p>Zapraszam do oceniania i ewentualnego komentowania;).<\/p>\n","protected":false},"excerpt":{"rendered":"<p>Witam! Tym razem chcia\u0142bym przedstawi\u0107 modu\u0142 wykonawczy 230V AC. Nie jest to jaki\u015b projekt innowacyjny, ale zosta\u0142 on wykorzystany w jednym z moich projekt\u00f3w, wi\u0119c nale\u017cy co\u015b na ten temat napisa\u0107 &#8211; b\u0119dzie to do\u015b\u0107 kr\u00f3tki wpis;) . Zosta\u0142 on&#8230;<br \/><a class=\"read-more-button\" href=\"https:\/\/daniel.slask.pl\/m\/modul-wykonawczy-230v-ac-3-kanaly\/\">Wi\u0119cej<\/a><\/p>\n","protected":false},"author":1,"featured_media":546,"comment_status":"open","ping_status":"closed","sticky":false,"template":"","format":"standard","meta":{"_exactmetrics_skip_tracking":false,"_exactmetrics_sitenote_active":false,"_exactmetrics_sitenote_note":"","_exactmetrics_sitenote_category":0,"jetpack_post_was_ever_published":false,"_jetpack_newsletter_access":"","_jetpack_dont_email_post_to_subs":false,"_jetpack_newsletter_tier_id":0,"_jetpack_memberships_contains_paywalled_content":false,"_jetpack_memberships_contains_paid_content":false,"footnotes":""},"categories":[23,24],"tags":[83,21,53,15,13,82],"views":1249,"jetpack_sharing_enabled":true,"jetpack_featured_media_url":"https:\/\/daniel.slask.pl\/m\/wp-content\/uploads\/2016\/05\/Modu\u0142_230_prezentacja.jpg","jetpack_shortlink":"https:\/\/wp.me\/pcPgV3-8G","_links":{"self":[{"href":"https:\/\/daniel.slask.pl\/m\/wp-json\/wp\/v2\/posts\/538"}],"collection":[{"href":"https:\/\/daniel.slask.pl\/m\/wp-json\/wp\/v2\/posts"}],"about":[{"href":"https:\/\/daniel.slask.pl\/m\/wp-json\/wp\/v2\/types\/post"}],"author":[{"embeddable":true,"href":"https:\/\/daniel.slask.pl\/m\/wp-json\/wp\/v2\/users\/1"}],"replies":[{"embeddable":true,"href":"https:\/\/daniel.slask.pl\/m\/wp-json\/wp\/v2\/comments?post=538"}],"version-history":[{"count":4,"href":"https:\/\/daniel.slask.pl\/m\/wp-json\/wp\/v2\/posts\/538\/revisions"}],"predecessor-version":[{"id":550,"href":"https:\/\/daniel.slask.pl\/m\/wp-json\/wp\/v2\/posts\/538\/revisions\/550"}],"wp:featuredmedia":[{"embeddable":true,"href":"https:\/\/daniel.slask.pl\/m\/wp-json\/wp\/v2\/media\/546"}],"wp:attachment":[{"href":"https:\/\/daniel.slask.pl\/m\/wp-json\/wp\/v2\/media?parent=538"}],"wp:term":[{"taxonomy":"category","embeddable":true,"href":"https:\/\/daniel.slask.pl\/m\/wp-json\/wp\/v2\/categories?post=538"},{"taxonomy":"post_tag","embeddable":true,"href":"https:\/\/daniel.slask.pl\/m\/wp-json\/wp\/v2\/tags?post=538"}],"curies":[{"name":"wp","href":"https:\/\/api.w.org\/{rel}","templated":true}]}}