{"id":756,"date":"2017-02-18T17:39:41","date_gmt":"2017-02-18T16:39:41","guid":{"rendered":"http:\/\/www.daniel.slask.pl\/?p=756"},"modified":"2017-02-26T20:41:44","modified_gmt":"2017-02-26T19:41:44","slug":"realizacja-stacji-meteo-czesc-2-elektronika","status":"publish","type":"post","link":"https:\/\/daniel.slask.pl\/m\/realizacja-stacji-meteo-czesc-2-elektronika\/","title":{"rendered":"Realizacja stacji Meteo. Cz\u0119\u015b\u0107 2 &#8211; elektronika"},"content":{"rendered":"<p style=\"text-align: justify;\">W poprzedniej <strong><a href=\"http:\/\/www.daniel.slask.pl\/?p=630\">cz\u0119\u015bci<\/a><\/strong> przedstawione zosta\u0142y czujniki jakie by\u0142y u\u017cyte do budowy stacji meteo, oraz wymienione wst\u0119pne za\u0142o\u017cenia g\u0142\u00f3wne. Natomiast w tej cz\u0119\u015bci przedstawi\u0119 schemat uk\u0142adu zewn\u0119trznego wraz z zasilaniem, oraz uk\u0142adu prezentera, kt\u00f3ry znajduje si\u0119 w domu.<\/p>\n<p>W takim razie zaczynamy!<\/p>\n<hr \/>\n<p style=\"text-align: justify;\">Cz\u0119\u015b\u0107 zewn\u0119trzna stacji meteorologicznej zosta\u0142a okre\u015blona wst\u0119pnie nast\u0119puj\u0105cymi za\u0142o\u017ceniami:<\/p>\n<ul>\n<li>pomiar pr\u0119dko\u015bci wiatru<\/li>\n<li>pomiar kierunku wiatru<\/li>\n<li>pomiar ilo\u015bci opad\u00f3w<\/li>\n<li>pomiar temperatury na wysoko\u015bci stacji<\/li>\n<li>pomiar temperatur na poziomie gruntu<\/li>\n<li>pomiar ci\u015bnienia<\/li>\n<li>pomiar wilgotno\u015bci<\/li>\n<li>wysy\u0142anie danych do g\u0142\u00f3wnego odbiornika za po\u015brednictwem ISM &#8211; 433 MHz<\/li>\n<li>zasilanie z akumulatora kt\u00f3ry jest \u0142adowany energi\u0105 s\u0142oneczn\u0105<\/li>\n<li>praca autonomiczna &#8211; po\u0142\u0105czenie z Internetem<\/li>\n<li>zegar RTC<\/li>\n<\/ul>\n<p style=\"text-align: justify;\">Pomiar temperatury dokonywany jest na chwil\u0119 obecn\u0105 jedynie na poziomie samej stacji. Mo\u017cliwe jest dodanie jeszcze jednego czujnika (ograniczenie programowe do 2 czujnik\u00f3w), kt\u00f3ry b\u0119dzie mierzy\u0107 temperatur\u0119 na innej wysoko\u015bci. Na chwil\u0119 obecn\u0105 nie jest to wykorzystywane.<\/p>\n\n\t\t<style type=\"text\/css\">\n\t\t\t#gallery-1 {\n\t\t\t\tmargin: auto;\n\t\t\t}\n\t\t\t#gallery-1 .gallery-item {\n\t\t\t\tfloat: left;\n\t\t\t\tmargin-top: 10px;\n\t\t\t\ttext-align: center;\n\t\t\t\twidth: 20%;\n\t\t\t}\n\t\t\t#gallery-1 img {\n\t\t\t\tborder: 2px solid #cfcfcf;\n\t\t\t}\n\t\t\t#gallery-1 .gallery-caption {\n\t\t\t\tmargin-left: 0;\n\t\t\t}\n\t\t\t\/* see gallery_shortcode() in wp-includes\/media.php *\/\n\t\t<\/style>\n\t\t<div id='gallery-1' class='gallery galleryid-756 gallery-columns-5 gallery-size-thumbnail'><dl class='gallery-item'>\n\t\t\t<dt class='gallery-icon landscape'>\n\t\t\t\t<a href='https:\/\/daniel.slask.pl\/m\/wp-content\/uploads\/2017\/02\/schemat_stacja_v1.01.png'><img loading=\"lazy\" decoding=\"async\" width=\"150\" height=\"150\" src=\"https:\/\/daniel.slask.pl\/m\/wp-content\/uploads\/2017\/02\/schemat_stacja_v1.01-150x150.png\" class=\"attachment-thumbnail size-thumbnail\" alt=\"\" aria-describedby=\"gallery-1-780\" \/><\/a>\n\t\t\t<\/dt>\n\t\t\t\t<dd class='wp-caption-text gallery-caption' id='gallery-1-780'>\n\t\t\t\tSchemat ideowy uk\u0142adu zewn\u0119trznego stacji meteo &#8211; wersja 1.01\n\t\t\t\t<\/dd><\/dl><dl class='gallery-item'>\n\t\t\t<dt class='gallery-icon landscape'>\n\t\t\t\t<a href='https:\/\/daniel.slask.pl\/m\/wp-content\/uploads\/2017\/02\/Kierunek_wiatru.jpg'><img loading=\"lazy\" decoding=\"async\" width=\"150\" height=\"150\" src=\"https:\/\/daniel.slask.pl\/m\/wp-content\/uploads\/2017\/02\/Kierunek_wiatru-150x150.jpg\" class=\"attachment-thumbnail size-thumbnail\" alt=\"\" aria-describedby=\"gallery-1-772\" \/><\/a>\n\t\t\t<\/dt>\n\t\t\t\t<dd class='wp-caption-text gallery-caption' id='gallery-1-772'>\n\t\t\t\tPod\u0142\u0105czenie i warto\u015b\u0107 rezystancji dla kierunku wiatru\n\t\t\t\t<\/dd><\/dl>\n\t\t\t<br style='clear: both' \/>\n\t\t<\/div>\n\n<p style=\"text-align: justify;\">Ca\u0142ym uk\u0142adem steruje mikrokontroler AVR ATmega328P w wersji SMD. Posiada 32kB pami\u0119ci flash, oraz charakteryzuje si\u0119 niskim poborem pr\u0105du.Dodatkow\u0105 zalet\u0105 tego uk\u0142adu scalonego jest mo\u017cliwo\u015b\u0107 generowania przerwania zewn\u0119trznego z ka\u017cdego pinu &#8211; przerwanie PCINT (opisywa\u0142em to w jednym z poprzednich <a href=\"http:\/\/www.daniel.slask.pl\/?p=616\">artyku\u0142\u00f3w<\/a>). Zegar RTC zosta\u0142 zastosowany aby generowa\u0107 sygna\u0142 o cz\u0119stotliwo\u015bci 1Hz, kt\u00f3ry jest potrzebny do prawid\u0142owego odmierzenia pr\u0119dko\u015bci wiatru &#8211; jeden impuls na sekund\u0119 odpowiada pr\u0119dko\u015bci wiatru 2,4km\/h. Zosta\u0142 on pod\u0142\u0105czony do wspomnianego ju\u017c wcze\u015bniej wej\u015bcia PCINT. Natomiast przerwania zewn\u0119trze INT zosta\u0142y zastosowane do odczytu pr\u0119dko\u015bci wiatru, oraz ilo\u015bci opadu. Pomiar kierunku wiatru odczytywany jest za pomoc\u0105 przetwornika ADC &#8211; ka\u017cdy kierunek posiada w\u0142asn\u0105 rezystancj\u0119. Na jednym z poprzednich rysunk\u00f3w przedstawi\u0142em fragment z noty katalogowej informuj\u0105cy o rezystancji dla danego kierunku, oraz odpowiadaj\u0105c\u0105 mu warto\u015b\u0107 napi\u0119cia (przy napi\u0119ciu zasilania 5V)<\/p>\n\n\t\t<style type=\"text\/css\">\n\t\t\t#gallery-2 {\n\t\t\t\tmargin: auto;\n\t\t\t}\n\t\t\t#gallery-2 .gallery-item {\n\t\t\t\tfloat: left;\n\t\t\t\tmargin-top: 10px;\n\t\t\t\ttext-align: center;\n\t\t\t\twidth: 20%;\n\t\t\t}\n\t\t\t#gallery-2 img {\n\t\t\t\tborder: 2px solid #cfcfcf;\n\t\t\t}\n\t\t\t#gallery-2 .gallery-caption {\n\t\t\t\tmargin-left: 0;\n\t\t\t}\n\t\t\t\/* see gallery_shortcode() in wp-includes\/media.php *\/\n\t\t<\/style>\n\t\t<div id='gallery-2' class='gallery galleryid-756 gallery-columns-5 gallery-size-thumbnail'><dl class='gallery-item'>\n\t\t\t<dt class='gallery-icon portrait'>\n\t\t\t\t<a href='https:\/\/daniel.slask.pl\/m\/wp-content\/uploads\/2016\/11\/DHT.png'><img loading=\"lazy\" decoding=\"async\" width=\"150\" height=\"150\" src=\"https:\/\/daniel.slask.pl\/m\/wp-content\/uploads\/2016\/11\/DHT-150x150.png\" class=\"attachment-thumbnail size-thumbnail\" alt=\"\" aria-describedby=\"gallery-2-646\" \/><\/a>\n\t\t\t<\/dt>\n\t\t\t\t<dd class='wp-caption-text gallery-caption' id='gallery-2-646'>\n\t\t\t\tCzujnik wilgotno\u015bci\n\t\t\t\t<\/dd><\/dl><dl class='gallery-item'>\n\t\t\t<dt class='gallery-icon landscape'>\n\t\t\t\t<a href='https:\/\/daniel.slask.pl\/m\/wp-content\/uploads\/2015\/12\/GY-68_2.jpg'><img loading=\"lazy\" decoding=\"async\" width=\"150\" height=\"150\" src=\"https:\/\/daniel.slask.pl\/m\/wp-content\/uploads\/2015\/12\/GY-68_2-150x150.jpg\" class=\"attachment-thumbnail size-thumbnail\" alt=\"\" aria-describedby=\"gallery-2-429\" \/><\/a>\n\t\t\t<\/dt>\n\t\t\t\t<dd class='wp-caption-text gallery-caption' id='gallery-2-429'>\n\t\t\t\tCzujnik ci\u015bnienia\n\t\t\t\t<\/dd><\/dl><dl class='gallery-item'>\n\t\t\t<dt class='gallery-icon landscape'>\n\t\t\t\t<a href='https:\/\/daniel.slask.pl\/m\/wp-content\/uploads\/2017\/01\/rfm69-e1486139654300.jpg'><img loading=\"lazy\" decoding=\"async\" width=\"150\" height=\"150\" src=\"https:\/\/daniel.slask.pl\/m\/wp-content\/uploads\/2017\/01\/rfm69-e1486139619161-150x150.jpg\" class=\"attachment-thumbnail size-thumbnail\" alt=\"\" aria-describedby=\"gallery-2-736\" \/><\/a>\n\t\t\t<\/dt>\n\t\t\t\t<dd class='wp-caption-text gallery-caption' id='gallery-2-736'>\n\t\t\t\tAdapter z uk\u0142adem RFM69\n\t\t\t\t<\/dd><\/dl>\n\t\t\t<br style='clear: both' \/>\n\t\t<\/div>\n\n<p style=\"text-align: justify;\">Pomiar wilgotno\u015bci powietrza jest dokonywany przy u\u017cyciu czujnika <a href=\"http:\/\/www.daniel.slask.pl\/?p=635\">DHT22<\/a>, natomiast ci\u015bnienie mierzone jest przy u\u017cyciu uk\u0142adu <a href=\"http:\/\/www.daniel.slask.pl\/?p=387\">BMP180<\/a>. Komunikacja z innymi modu\u0142ami dokonywana jest przy pomocy modu\u0142u RFM69, kt\u00f3ry jest umieszczony na <a href=\"http:\/\/www.daniel.slask.pl\/?p=656\">adapterze<\/a>, umo\u017cliwiaj\u0105cym w \u0142atwy spos\u00f3b podmian\u0119 z innym modu\u0142em pracuj\u0105cym, np na inn\u0105 cz\u0119stotliwo\u015b\u0107 (np. z NRF24L&#8230; &#8211; zgodno\u015b\u0107 wyprowadze\u0144).<\/p>\n\n\t\t<style type=\"text\/css\">\n\t\t\t#gallery-3 {\n\t\t\t\tmargin: auto;\n\t\t\t}\n\t\t\t#gallery-3 .gallery-item {\n\t\t\t\tfloat: left;\n\t\t\t\tmargin-top: 10px;\n\t\t\t\ttext-align: center;\n\t\t\t\twidth: 20%;\n\t\t\t}\n\t\t\t#gallery-3 img {\n\t\t\t\tborder: 2px solid #cfcfcf;\n\t\t\t}\n\t\t\t#gallery-3 .gallery-caption {\n\t\t\t\tmargin-left: 0;\n\t\t\t}\n\t\t\t\/* see gallery_shortcode() in wp-includes\/media.php *\/\n\t\t<\/style>\n\t\t<div id='gallery-3' class='gallery galleryid-756 gallery-columns-5 gallery-size-thumbnail'><dl class='gallery-item'>\n\t\t\t<dt class='gallery-icon landscape'>\n\t\t\t\t<a href='https:\/\/daniel.slask.pl\/m\/wp-content\/uploads\/2017\/02\/plytka_modul_zew_v1.01.png'><img loading=\"lazy\" decoding=\"async\" width=\"150\" height=\"150\" src=\"https:\/\/daniel.slask.pl\/m\/wp-content\/uploads\/2017\/02\/plytka_modul_zew_v1.01-150x150.png\" class=\"attachment-thumbnail size-thumbnail\" alt=\"\" aria-describedby=\"gallery-3-781\" \/><\/a>\n\t\t\t<\/dt>\n\t\t\t\t<dd class='wp-caption-text gallery-caption' id='gallery-3-781'>\n\t\t\t\tWygl\u0105d p\u0142ytki z programuy EAGLE &#8211; wersja 1.01\n\t\t\t\t<\/dd><\/dl><dl class='gallery-item'>\n\t\t\t<dt class='gallery-icon landscape'>\n\t\t\t\t<a href='https:\/\/daniel.slask.pl\/m\/wp-content\/uploads\/2017\/02\/p\u0142ytka_meteo_1.jpg'><img loading=\"lazy\" decoding=\"async\" width=\"150\" height=\"150\" src=\"https:\/\/daniel.slask.pl\/m\/wp-content\/uploads\/2017\/02\/p\u0142ytka_meteo_1-150x150.jpg\" class=\"attachment-thumbnail size-thumbnail\" alt=\"\" aria-describedby=\"gallery-3-782\" \/><\/a>\n\t\t\t<\/dt>\n\t\t\t\t<dd class='wp-caption-text gallery-caption' id='gallery-3-782'>\n\t\t\t\tWygl\u0105d rzeczywisty p\u0142ytki &#8211; wersja 1.0\n\t\t\t\t<\/dd><\/dl>\n\t\t\t<br style='clear: both' \/>\n\t\t<\/div>\n\n<p style=\"text-align: justify;\">Po wykonaniu p\u0142ytki i rozpocz\u0119ciu przenoszenia programu z uk\u0142adu testowego na uk\u0142ad docelowy zosta\u0142o wykrytych kilka b\u0142\u0119d\u00f3w, kt\u00f3re zosta\u0142y ju\u017c poprawione w wersji 1.01 p\u0142ytki &#8211; kt\u00f3ra to zosta\u0142a przedstawiona wy\u017cej.<\/p>\n<p style=\"text-align: justify;\">W tej wersji projektu zosta\u0142a przewidziana taka funkcjonalno\u015b\u0107 jak praca autonomiczna &#8211; uk\u0142ad umo\u017cliwia\u0142by wysy\u0142anie danych pomiarowych na serwer www. W tym celu zostanie zastosowany modu\u0142 r\u00f3wnie\u017c firmy ATNEL &#8211; <strong>ATNEL-WIFI232-T<\/strong>.<\/p>\n<p style=\"text-align: justify;\">W ca\u0142ym uk\u0142adzie panuje napi\u0119cie 3V3, kt\u00f3re jest dostarczane z przetwornicy <strong>DIGI-LION<\/strong> firmy <strong>Atnel<\/strong>. Jest to modu\u0142 z przetwornic\u0105<strong> DC-DC<\/strong><em> step-up<\/em> i <em>step-down<\/em>, dzi\u0119ki czemu mo\u017cliwe jest utrzymywania napi\u0119cia wyj\u015bciowego &#8211; w tym przypadku 3,3V &#8211; na tym samym poziomie, nawet gdy napi\u0119cia na ogniwie li-ion spadnie poni\u017cej tej warto\u015bci. Opr\u00f3cz funkcji przetwornicy mo\u017cliwe jest te\u017c \u0142adowanie ogniwa li-ion, z pe\u0142n\u0105 kontrol\u0105 napi\u0119cia maksymalnego, oraz minimalnego. Dodatkow\u0105 funkcjonalno\u015bci\u0105, jest mo\u017cliwo\u015b\u0107 odczytywania napi\u0119cia na ogniwie przy pomocy UART.<\/p>\n<p style=\"text-align: justify;\">\u0141adowanie ogniwa li-ion za pomoc\u0105 energii s\u0142onecznej zostanie przedstawione w osobnym kr\u00f3tki wpisie, na kt\u00f3ry ju\u017c w chwili obecnej zapraszam.<\/p>\n<p style=\"text-align: justify;\">W tym momencie mog\u0119 ju\u017c wspomnie\u0107 o poborze pr\u0105du ca\u0142ego urz\u0105dzenia. Pob\u00f3r energii podczas normalnej pracy (bez uk\u0142adu WiFi, oraz przy braku komunikacji ISM) wynosi oko\u0142o 4mA (warto\u015b\u0107 zmierzona). Natomiast podczas wysy\u0142ania danych przy u\u017cyciu modu\u0142u RFM69, pob\u00f3r pr\u0105du mo\u017ce wynie\u015b\u0107 nawet 50mA (warto\u015b\u0107 obliczona &#8211; brak mo\u017cliwo\u015bci zmierzenia pr\u0105du w tak kr\u00f3tki okresie trwania transmisji).<\/p>\n\n\t\t<style type=\"text\/css\">\n\t\t\t#gallery-4 {\n\t\t\t\tmargin: auto;\n\t\t\t}\n\t\t\t#gallery-4 .gallery-item {\n\t\t\t\tfloat: left;\n\t\t\t\tmargin-top: 10px;\n\t\t\t\ttext-align: center;\n\t\t\t\twidth: 20%;\n\t\t\t}\n\t\t\t#gallery-4 img {\n\t\t\t\tborder: 2px solid #cfcfcf;\n\t\t\t}\n\t\t\t#gallery-4 .gallery-caption {\n\t\t\t\tmargin-left: 0;\n\t\t\t}\n\t\t\t\/* see gallery_shortcode() in wp-includes\/media.php *\/\n\t\t<\/style>\n\t\t<div id='gallery-4' class='gallery galleryid-756 gallery-columns-5 gallery-size-thumbnail'><dl class='gallery-item'>\n\t\t\t<dt class='gallery-icon portrait'>\n\t\t\t\t<a href='https:\/\/daniel.slask.pl\/m\/wp-content\/uploads\/2017\/02\/obudowa_radiacyjna.jpg'><img loading=\"lazy\" decoding=\"async\" width=\"150\" height=\"150\" src=\"https:\/\/daniel.slask.pl\/m\/wp-content\/uploads\/2017\/02\/obudowa_radiacyjna-150x150.jpg\" class=\"attachment-thumbnail size-thumbnail\" alt=\"\" aria-describedby=\"gallery-4-810\" \/><\/a>\n\t\t\t<\/dt>\n\t\t\t\t<dd class='wp-caption-text gallery-caption' id='gallery-4-810'>\n\t\t\t\tObudowa radiacyjna &#8211; wykona\u0142 majster z avrtech.pl\n\t\t\t\t<\/dd><\/dl>\n\t\t\t<br style='clear: both' \/>\n\t\t<\/div>\n\n<p style=\"text-align: justify;\">Czujnik temperatury <em>DS18B20 <\/em>jak i wilgotno\u015bci <em>DHT22<\/em> zosta\u0142y umieszczone w obudowie radiacyjnej wykonanej na drukarce 3D przez u\u017cytkownika <strong>majster<\/strong> z <a href=\"http:\/\/www.avrtech.pl\">avrtech.pl<\/a> za co bardzo dzi\u0119kuj\u0119 (obudowa spisuje si\u0119 \u015bwietnie) &#8211; czujniki zosta\u0142y umieszczone na p\u0142ytce kt\u00f3r\u0105 r\u00f3wnie\u017c wykona\u0142 <strong>majster<\/strong>. Natomiast czujnik ci\u015bnienia znajduje si\u0119 na p\u0142ytce g\u0142\u00f3wnej, kt\u00f3ra to jest umieszczona w obudowie hermetycznej <strong>Z57HJ.<\/strong><\/p>\n<hr \/>\n<p style=\"text-align: justify;\">Aby dane zebrane przez stacj\u0119 meteo mog\u0142y zosta\u0107 gdzie\u015b zaprezentowane, zosta\u0142 wykonany tzw. prezenter. Dane prezentowane s\u0105 na wy\u015bwietlaczu z NOKII 3310, a ca\u0142o\u015bci\u0105 zarz\u0105dza mikrokontroler <strong>ATmega328P<\/strong> w wersji THT. Tak jak w poprzedniej p\u0142ytce, tak i tutaj odbiorem danych zajmuje si\u0119 modu\u0142 <strong>RFM69<\/strong> zamocowany na adapterze. Uk\u0142ad zosta\u0142 wyposa\u017cony w 4 przyciski (jeden to sprz\u0119towy reset), czujnik temperatury, oraz fotorezystor, kt\u00f3ry jest wykorzystywany do regulacji jasno\u015bci pod\u015bwietlenia wy\u015bwietlacza. Ca\u0142o\u015b\u0107 zasilana jest poprzez zewn\u0119trzny zasilacz 5V, natomiast napi\u0119cie panuj\u0105ce na p\u0142ytce wynosi 3,3V. Niestety schemat tej p\u0142ytki gdzie\u015b mi uciek\u0142.- posiadam jedynie zdj\u0119cia samej p\u0142ytki, oraz ca\u0142ego zmontowanego uk\u0142adu.<\/p>\n\n\t\t<style type=\"text\/css\">\n\t\t\t#gallery-5 {\n\t\t\t\tmargin: auto;\n\t\t\t}\n\t\t\t#gallery-5 .gallery-item {\n\t\t\t\tfloat: left;\n\t\t\t\tmargin-top: 10px;\n\t\t\t\ttext-align: center;\n\t\t\t\twidth: 20%;\n\t\t\t}\n\t\t\t#gallery-5 img {\n\t\t\t\tborder: 2px solid #cfcfcf;\n\t\t\t}\n\t\t\t#gallery-5 .gallery-caption {\n\t\t\t\tmargin-left: 0;\n\t\t\t}\n\t\t\t\/* see gallery_shortcode() in wp-includes\/media.php *\/\n\t\t<\/style>\n\t\t<div id='gallery-5' class='gallery galleryid-756 gallery-columns-5 gallery-size-thumbnail'><dl class='gallery-item'>\n\t\t\t<dt class='gallery-icon landscape'>\n\t\t\t\t<a href='https:\/\/daniel.slask.pl\/m\/wp-content\/uploads\/2017\/02\/prezenter.png'><img loading=\"lazy\" decoding=\"async\" width=\"150\" height=\"150\" src=\"https:\/\/daniel.slask.pl\/m\/wp-content\/uploads\/2017\/02\/prezenter-150x150.png\" class=\"attachment-thumbnail size-thumbnail\" alt=\"\" aria-describedby=\"gallery-5-787\" \/><\/a>\n\t\t\t<\/dt>\n\t\t\t\t<dd class='wp-caption-text gallery-caption' id='gallery-5-787'>\n\t\t\t\tWygl\u0105d p\u0142ytki z EAGLE\n\t\t\t\t<\/dd><\/dl><dl class='gallery-item'>\n\t\t\t<dt class='gallery-icon landscape'>\n\t\t\t\t<a href='https:\/\/daniel.slask.pl\/m\/wp-content\/uploads\/2017\/02\/Prezenter_1.jpg'><img loading=\"lazy\" decoding=\"async\" width=\"150\" height=\"150\" src=\"https:\/\/daniel.slask.pl\/m\/wp-content\/uploads\/2017\/02\/Prezenter_1-150x150.jpg\" class=\"attachment-thumbnail size-thumbnail\" alt=\"\" aria-describedby=\"gallery-5-788\" \/><\/a>\n\t\t\t<\/dt>\n\t\t\t\t<dd class='wp-caption-text gallery-caption' id='gallery-5-788'>\n\t\t\t\tPrezenter danych ze stacji Meteo\n\t\t\t\t<\/dd><\/dl><dl class='gallery-item'>\n\t\t\t<dt class='gallery-icon landscape'>\n\t\t\t\t<a href='https:\/\/daniel.slask.pl\/m\/wp-content\/uploads\/2017\/02\/Prezenter_2.jpg'><img loading=\"lazy\" decoding=\"async\" width=\"150\" height=\"150\" src=\"https:\/\/daniel.slask.pl\/m\/wp-content\/uploads\/2017\/02\/Prezenter_2-150x150.jpg\" class=\"attachment-thumbnail size-thumbnail\" alt=\"\" aria-describedby=\"gallery-5-795\" \/><\/a>\n\t\t\t<\/dt>\n\t\t\t\t<dd class='wp-caption-text gallery-caption' id='gallery-5-795'>\n\t\t\t\tPrezenter w obudowie ze spienionego PCV\n\t\t\t\t<\/dd><\/dl>\n\t\t\t<br style='clear: both' \/>\n\t\t<\/div>\n\n<p style=\"text-align: justify;\">Wykonana elektronika zosta\u0142a umieszczona w obudowie wykonanej ze spienionego PCV. Materia\u0142 ten w \u0142atwy spos\u00f3b daje si\u0119 wygina\u0107 po wcze\u015bniejszym podgrzaniu &#8211; np. opalark\u0105 &#8211; oraz mo\u017cliwe jest \u0142atwe przycinanie za pomoc\u0105 no\u017ca do tapet. Polecam ten materia\u0142 do tego typu konstrukcji.<\/p>\n<p style=\"text-align: justify;\">I to by\u0142oby na tyle co do og\u00f3lnych informacji na temat tej cz\u0119\u015bci projektu &#8211; jak macie jakie\u015b pytania, b\u0105d\u017a chcecie abym si\u0119 podzieli\u0142 jakimi\u015b szczeg\u00f3\u0142owymi informacjami to zapraszam do pisania zapyta\u0144 w komentarzach.<\/p>\n<p>Pozdrawiam.<\/p>\n","protected":false},"excerpt":{"rendered":"<p>W poprzedniej cz\u0119\u015bci przedstawione zosta\u0142y czujniki jakie by\u0142y u\u017cyte do budowy stacji meteo, oraz wymienione wst\u0119pne za\u0142o\u017cenia g\u0142\u00f3wne. Natomiast w tej cz\u0119\u015bci przedstawi\u0119 schemat uk\u0142adu zewn\u0119trznego wraz z zasilaniem, oraz uk\u0142adu prezentera, kt\u00f3ry znajduje si\u0119 w domu. W takim razie&#8230;<br \/><a class=\"read-more-button\" href=\"https:\/\/daniel.slask.pl\/m\/realizacja-stacji-meteo-czesc-2-elektronika\/\">Wi\u0119cej<\/a><\/p>\n","protected":false},"author":1,"featured_media":812,"comment_status":"open","ping_status":"closed","sticky":false,"template":"","format":"standard","meta":{"_exactmetrics_skip_tracking":false,"_exactmetrics_sitenote_active":false,"_exactmetrics_sitenote_note":"","_exactmetrics_sitenote_category":0,"jetpack_post_was_ever_published":false,"_jetpack_newsletter_access":"","_jetpack_dont_email_post_to_subs":false,"_jetpack_newsletter_tier_id":0,"_jetpack_memberships_contains_paywalled_content":false,"_jetpack_memberships_contains_paid_content":false,"footnotes":""},"categories":[23,3],"tags":[148,144,12,44,41,106,146,132,56,147,145,103,133,117,102,143],"views":1225,"jetpack_sharing_enabled":true,"jetpack_featured_media_url":"https:\/\/daniel.slask.pl\/m\/wp-content\/uploads\/2017\/02\/obraz-wyr\u00f3\u017cniaj\u0105cy.jpg","jetpack_shortlink":"https:\/\/wp.me\/pcPgV3-cc","_links":{"self":[{"href":"https:\/\/daniel.slask.pl\/m\/wp-json\/wp\/v2\/posts\/756"}],"collection":[{"href":"https:\/\/daniel.slask.pl\/m\/wp-json\/wp\/v2\/posts"}],"about":[{"href":"https:\/\/daniel.slask.pl\/m\/wp-json\/wp\/v2\/types\/post"}],"author":[{"embeddable":true,"href":"https:\/\/daniel.slask.pl\/m\/wp-json\/wp\/v2\/users\/1"}],"replies":[{"embeddable":true,"href":"https:\/\/daniel.slask.pl\/m\/wp-json\/wp\/v2\/comments?post=756"}],"version-history":[{"count":18,"href":"https:\/\/daniel.slask.pl\/m\/wp-json\/wp\/v2\/posts\/756\/revisions"}],"predecessor-version":[{"id":823,"href":"https:\/\/daniel.slask.pl\/m\/wp-json\/wp\/v2\/posts\/756\/revisions\/823"}],"wp:featuredmedia":[{"embeddable":true,"href":"https:\/\/daniel.slask.pl\/m\/wp-json\/wp\/v2\/media\/812"}],"wp:attachment":[{"href":"https:\/\/daniel.slask.pl\/m\/wp-json\/wp\/v2\/media?parent=756"}],"wp:term":[{"taxonomy":"category","embeddable":true,"href":"https:\/\/daniel.slask.pl\/m\/wp-json\/wp\/v2\/categories?post=756"},{"taxonomy":"post_tag","embeddable":true,"href":"https:\/\/daniel.slask.pl\/m\/wp-json\/wp\/v2\/tags?post=756"}],"curies":[{"name":"wp","href":"https:\/\/api.w.org\/{rel}","templated":true}]}}