{"id":784,"date":"2017-02-24T20:42:18","date_gmt":"2017-02-24T19:42:18","guid":{"rendered":"http:\/\/www.daniel.slask.pl\/?p=784"},"modified":"2017-11-27T21:25:35","modified_gmt":"2017-11-27T20:25:35","slug":"realizacja-stacji-meteo-czesc-2a-zasilanie-z-panelu-fotowoltaicznego-3w","status":"publish","type":"post","link":"https:\/\/daniel.slask.pl\/m\/realizacja-stacji-meteo-czesc-2a-zasilanie-z-panelu-fotowoltaicznego-3w\/","title":{"rendered":"Realizacja stacji Meteo. Cz\u0119\u015b\u0107 2A &#8211; zasilanie z panelu fotowoltaicznego 3W."},"content":{"rendered":"<p style=\"text-align: justify;\">W tym kr\u00f3tkim wpisie zaprezentuj\u0119\/opisz\u0119 uk\u0142ad \u0142adowania baterii li-ion przy u\u017cyciu panelu fotowoltaicznego, oraz uchwyt kt\u00f3ry wykona\u0142em do przytwierdzenia tego panelu do stela\u017cu. Ca\u0142y uk\u0142ad zosta\u0142 zastosowany w <a href=\"http:\/\/www.daniel.slask.pl\/?p=756\">stacji meteo<\/a> i jak do tej chwili spisuje si\u0119 znakomicie.<\/p>\n<p style=\"text-align: justify;\">Ogniwa li-ion posiadaj\u0105 napi\u0119cie w zakresie od 2,8V do 4.2V. Przekraczaj\u0105c te warto\u015bci napi\u0119cia ogniwo mo\u017ce ulec uszkodzeniu. Aby za bardzo go nie roz\u0142adowa\u0107, b\u0105d\u017a prze\u0142adowa\u0107 nale\u017cy zastosowa\u0107 uk\u0142ad elektroniczny nadzoruj\u0105cy te procesy. Do celu \u0142adowania jak i stabilizacji napi\u0119cia zasilania uk\u0142adu docelowego, zosta\u0142 zastosowany modu\u0142 <strong>DIGI-LION<\/strong> firmy <strong>ATNEL<\/strong>. Nadzoruje on proces \u0142adowania do napi\u0119cia <span style=\"text-decoration: underline;\">4.2V<\/span>, jak i nie dopuszcza aby napi\u0119cie spad\u0142o poni\u017cej <span style=\"text-decoration: underline;\">2,8V<\/span>.<\/p>\n<p style=\"text-align: justify;\">Jak ju\u017c wcze\u015bniej wspomnia\u0142em \u0142adowanie ogniwa li-ion dokonywane jest poprzez panel fotowoltaiczny 3W (napi\u0119cie wyj\u015bciowym 6V), kt\u00f3re zosta\u0142o zakupione na <strong>KAMAMI<\/strong>. Do\u0142\u0105czone jest ono do modu\u0142u <strong>DIGI-LION<\/strong> poprzez przew\u00f3d zako\u0144czony wtykiem micro USB. Do tego modu\u0142u do\u0142\u0105czone jest jeszcze ogniwo li-ion i to wszystko. W jednym uk\u0142adzie mamy za\u0142atwion\u0105 spraw\u0119 zwi\u0105zan\u0105 z \u0142adowaniem ogniwa li-ion, jak i stabilizacj\u0105 napi\u0119cia wyj\u015bciowego &#8211; po prostu SUPER (polecam gor\u0105co <strong>DIGI-LION &#8211; <\/strong>bestia jak nic) &#8211; DIGI-LION umo\u017cliwia za pomoc\u0105 zworki wybranie napi\u0119cia wyj\u015bciowego 5V b\u0105d\u017a 3,3V (mo\u017cliwe jest tak\u017ce uzyskanie innego napi\u0119cia, ale wi\u0105\u017ce si\u0119 to ze zmian\u0105 rezystor\u00f3w &#8211; opisane jest to dok\u0142adnie w dokumentacji dla tego modu\u0142u)<\/p>\n\n\t\t<style type=\"text\/css\">\n\t\t\t#gallery-1 {\n\t\t\t\tmargin: auto;\n\t\t\t}\n\t\t\t#gallery-1 .gallery-item {\n\t\t\t\tfloat: left;\n\t\t\t\tmargin-top: 10px;\n\t\t\t\ttext-align: center;\n\t\t\t\twidth: 20%;\n\t\t\t}\n\t\t\t#gallery-1 img {\n\t\t\t\tborder: 2px solid #cfcfcf;\n\t\t\t}\n\t\t\t#gallery-1 .gallery-caption {\n\t\t\t\tmargin-left: 0;\n\t\t\t}\n\t\t\t\/* see gallery_shortcode() in wp-includes\/media.php *\/\n\t\t<\/style>\n\t\t<div id='gallery-1' class='gallery galleryid-784 gallery-columns-5 gallery-size-thumbnail'><dl class='gallery-item'>\n\t\t\t<dt class='gallery-icon portrait'>\n\t\t\t\t<a href='https:\/\/daniel.slask.pl\/m\/wp-content\/uploads\/2017\/02\/digi-lion.jpg'><img loading=\"lazy\" decoding=\"async\" width=\"150\" height=\"150\" src=\"https:\/\/daniel.slask.pl\/m\/wp-content\/uploads\/2017\/02\/digi-lion-150x150.jpg\" class=\"attachment-thumbnail size-thumbnail\" alt=\"\" aria-describedby=\"gallery-1-820\" \/><\/a>\n\t\t\t<\/dt>\n\t\t\t\t<dd class='wp-caption-text gallery-caption' id='gallery-1-820'>\n\t\t\t\tDigi-lion firmy ATNEL\n\t\t\t\t<\/dd><\/dl>\n\t\t\t<br style='clear: both' \/>\n\t\t<\/div>\n\n<p style=\"text-align: justify;\">Jeszcze kilka s\u0142\u00f3w na temat samej konfiguracji DIGI-LION. Zosta\u0142 w\u0142\u0105czony tryb Power Save, oraz tryb zasilania przetwornicy z ogniwa li-ion przy mo\u017cliwym jednoczesnym \u0142adowaniu go &#8211; i koniec konfiguracji, uk\u0142ad jest gotowy do pracy.<\/p>\n<p style=\"text-align: justify;\">Aby jako\u015b zamocowa\u0107 panel fotowoltaiczny do ca\u0142ej konstrukcji wykona\u0142em projekt w <strong>SOLID WORKS<\/strong> uchwytu do tego panelu. Nast\u0119pnie zosta\u0142 on wydrukowany na drukarce 3D &#8211; uczyni\u0142 to kolega <strong>majster<\/strong> z <a href=\"http:\/\/www.avrtech.pl\">avrtech.pl<\/a>, za co bardzo dzi\u0119kuj\u0119 (za pomoc oraz doradztwo techniczne, a tak\u017ce bardzo dobry wydruk 3D). Uchwyt przedstawia si\u0119 nast\u0119puj\u0105co:<\/p>\n\n\t\t<style type=\"text\/css\">\n\t\t\t#gallery-2 {\n\t\t\t\tmargin: auto;\n\t\t\t}\n\t\t\t#gallery-2 .gallery-item {\n\t\t\t\tfloat: left;\n\t\t\t\tmargin-top: 10px;\n\t\t\t\ttext-align: center;\n\t\t\t\twidth: 20%;\n\t\t\t}\n\t\t\t#gallery-2 img {\n\t\t\t\tborder: 2px solid #cfcfcf;\n\t\t\t}\n\t\t\t#gallery-2 .gallery-caption {\n\t\t\t\tmargin-left: 0;\n\t\t\t}\n\t\t\t\/* see gallery_shortcode() in wp-includes\/media.php *\/\n\t\t<\/style>\n\t\t<div id='gallery-2' class='gallery galleryid-784 gallery-columns-5 gallery-size-thumbnail'><dl class='gallery-item'>\n\t\t\t<dt class='gallery-icon portrait'>\n\t\t\t\t<a href='https:\/\/daniel.slask.pl\/m\/wp-content\/uploads\/2017\/02\/uchwyt_2a.jpg'><img loading=\"lazy\" decoding=\"async\" width=\"150\" height=\"150\" src=\"https:\/\/daniel.slask.pl\/m\/wp-content\/uploads\/2017\/02\/uchwyt_2a-150x150.jpg\" class=\"attachment-thumbnail size-thumbnail\" alt=\"\" \/><\/a>\n\t\t\t<\/dt><\/dl><dl class='gallery-item'>\n\t\t\t<dt class='gallery-icon landscape'>\n\t\t\t\t<a href='https:\/\/daniel.slask.pl\/m\/wp-content\/uploads\/2017\/02\/uchwyt_3a.jpg'><img loading=\"lazy\" decoding=\"async\" width=\"150\" height=\"150\" src=\"https:\/\/daniel.slask.pl\/m\/wp-content\/uploads\/2017\/02\/uchwyt_3a-150x150.jpg\" class=\"attachment-thumbnail size-thumbnail\" alt=\"\" \/><\/a>\n\t\t\t<\/dt><\/dl><dl class='gallery-item'>\n\t\t\t<dt class='gallery-icon landscape'>\n\t\t\t\t<a href='https:\/\/daniel.slask.pl\/m\/wp-content\/uploads\/2017\/02\/uchwyt_1a.jpg'><img loading=\"lazy\" decoding=\"async\" width=\"150\" height=\"150\" src=\"https:\/\/daniel.slask.pl\/m\/wp-content\/uploads\/2017\/02\/uchwyt_1a-150x150.jpg\" class=\"attachment-thumbnail size-thumbnail\" alt=\"\" \/><\/a>\n\t\t\t<\/dt><\/dl>\n\t\t\t<br style='clear: both' \/>\n\t\t<\/div>\n\n<p style=\"text-align: justify;\">Tutaj natomiast jest plik prezentuj\u0105cy ca\u0142y uchwyt (polecam otwarcie go w programie ADOBE READER gdy\u017c jest to plik z zawarto\u015bci\u0105 3D)<br \/>\n<a  data-e-Disable-Page-Transition=\"true\" class=\"download-link\" title=\"\" href=\"https:\/\/daniel.slask.pl\/m\/download\/801\/?tmstv=1788161163\" rel=\"nofollow\" id=\"download-link-801\" >\n\tuchwyt-dla-ogniwa.pdf\t(361 pobra\u0144\t)\n<\/a>\n<\/p>\n<p style=\"text-align: justify;\">Pojemno\u015b\u0107 zastosowanego ogniwa li-ion wynosi 2800mAh i przy pod\u0142\u0105czeniu go do stacji meteo bez \u0142adowania, wytrzyma\u0142 20 dni. Po pod\u0142\u0105czeniu panelu fotowoltaicznego 3W napi\u0119cia na ogniwie li-ion nie spada poni\u017cej 4V &#8211; pomiary przeprowadzane w lutym.<\/p>\n<p style=\"text-align: justify;\">Zach\u0119cam do komentowania jak i zadawania pyta\u0144, a tak\u017ce zapoznania si\u0119 z poprzednimi wpisami dotycz\u0105cymi stacji meteo i nie tylko.<\/p>\n<p>Pozdrawiam.<\/p>\n","protected":false},"excerpt":{"rendered":"<p>W tym kr\u00f3tkim wpisie zaprezentuj\u0119\/opisz\u0119 uk\u0142ad \u0142adowania baterii li-ion przy u\u017cyciu panelu fotowoltaicznego, oraz uchwyt kt\u00f3ry wykona\u0142em do przytwierdzenia tego panelu do stela\u017cu. Ca\u0142y uk\u0142ad zosta\u0142 zastosowany w stacji meteo i jak do tej chwili spisuje si\u0119 znakomicie. Ogniwa li-ion&#8230;<br \/><a class=\"read-more-button\" href=\"https:\/\/daniel.slask.pl\/m\/realizacja-stacji-meteo-czesc-2a-zasilanie-z-panelu-fotowoltaicznego-3w\/\">Wi\u0119cej<\/a><\/p>\n","protected":false},"author":1,"featured_media":815,"comment_status":"open","ping_status":"closed","sticky":false,"template":"","format":"standard","meta":{"_exactmetrics_skip_tracking":false,"_exactmetrics_sitenote_active":false,"_exactmetrics_sitenote_note":"","_exactmetrics_sitenote_category":0,"jetpack_post_was_ever_published":false,"_jetpack_newsletter_access":"","_jetpack_dont_email_post_to_subs":false,"_jetpack_newsletter_tier_id":0,"_jetpack_memberships_contains_paywalled_content":false,"_jetpack_memberships_contains_paid_content":false,"footnotes":""},"categories":[23,3],"tags":[149,146,147,145,150,102],"views":883,"jetpack_sharing_enabled":true,"jetpack_featured_media_url":"https:\/\/daniel.slask.pl\/m\/wp-content\/uploads\/2017\/02\/g\u0142\u00f3wny-stacja2a.jpg","jetpack_shortlink":"https:\/\/wp.me\/pcPgV3-cE","_links":{"self":[{"href":"https:\/\/daniel.slask.pl\/m\/wp-json\/wp\/v2\/posts\/784"}],"collection":[{"href":"https:\/\/daniel.slask.pl\/m\/wp-json\/wp\/v2\/posts"}],"about":[{"href":"https:\/\/daniel.slask.pl\/m\/wp-json\/wp\/v2\/types\/post"}],"author":[{"embeddable":true,"href":"https:\/\/daniel.slask.pl\/m\/wp-json\/wp\/v2\/users\/1"}],"replies":[{"embeddable":true,"href":"https:\/\/daniel.slask.pl\/m\/wp-json\/wp\/v2\/comments?post=784"}],"version-history":[{"count":11,"href":"https:\/\/daniel.slask.pl\/m\/wp-json\/wp\/v2\/posts\/784\/revisions"}],"predecessor-version":[{"id":872,"href":"https:\/\/daniel.slask.pl\/m\/wp-json\/wp\/v2\/posts\/784\/revisions\/872"}],"wp:featuredmedia":[{"embeddable":true,"href":"https:\/\/daniel.slask.pl\/m\/wp-json\/wp\/v2\/media\/815"}],"wp:attachment":[{"href":"https:\/\/daniel.slask.pl\/m\/wp-json\/wp\/v2\/media?parent=784"}],"wp:term":[{"taxonomy":"category","embeddable":true,"href":"https:\/\/daniel.slask.pl\/m\/wp-json\/wp\/v2\/categories?post=784"},{"taxonomy":"post_tag","embeddable":true,"href":"https:\/\/daniel.slask.pl\/m\/wp-json\/wp\/v2\/tags?post=784"}],"curies":[{"name":"wp","href":"https:\/\/api.w.org\/{rel}","templated":true}]}}